[{"@context":"https:\/\/schema.org\/","@type":"Article","@id":"https:\/\/www.souvisime.cz\/kachlova-kamna-prohreji-i-nasi-dusi\/#Article","mainEntityOfPage":"https:\/\/www.souvisime.cz\/kachlova-kamna-prohreji-i-nasi-dusi\/","headline":"Kachlov\u00e1 kamna proh\u0159ej\u00ed i na\u0161i du\u0161i","name":"Kachlov\u00e1 kamna proh\u0159ej\u00ed i na\u0161i du\u0161i","description":"Doma je tam, kde je \u00fatulno. Tak\u00e9 by se dalo \u0159\u00edci, \u017ee doma je tam, kde je teplo. Co m\u016f\u017ee b\u00fdt milej\u0161\u00ed, ne\u017eli p\u0159ij\u00edt v lednu dom\u016f a...","datePublished":"2025-03-03","dateModified":"2023-04-28","author":{"@type":"Person","@id":"https:\/\/www.souvisime.cz\/author\/#Person","name":"souvisime.cz\n","url":"https:\/\/www.souvisime.cz\/author\/","identifier":1,"image":{"@type":"ImageObject","@id":"https:\/\/secure.gravatar.com\/avatar\/620bc4870d0855d65ab5c3d8503d9020?s=96&d=mm&r=g","url":"https:\/\/secure.gravatar.com\/avatar\/620bc4870d0855d65ab5c3d8503d9020?s=96&d=mm&r=g","height":96,"width":96}},"publisher":{"@type":"Organization","name":"souvisime.cz","logo":{"@type":"ImageObject","@id":"\/logo.png","url":"\/logo.png","width":600,"height":60}},"image":{"@type":"ImageObject","@id":"https:\/\/www.souvisime.cz\/wp-content\/uploads\/img_a294464_w1752_t1506405351.jpg","url":"https:\/\/www.souvisime.cz\/wp-content\/uploads\/img_a294464_w1752_t1506405351.jpg","height":0,"width":0},"url":"https:\/\/www.souvisime.cz\/kachlova-kamna-prohreji-i-nasi-dusi\/","about":["Bydlen\u00ed"],"wordCount":406,"articleBody":"\tDoma je tam, kde je \u00fatulno. Tak\u00e9 by se dalo \u0159\u00edci, \u017ee doma je tam, kde je teplo. Co m\u016f\u017ee b\u00fdt milej\u0161\u00ed, ne\u017eli p\u0159ij\u00edt v lednu dom\u016f a z okna vyh\u0159\u00e1t\u00e9ho pokoje sledovat vlo\u010dku za vlo\u010dkou, jak padaj\u00ed k zemi. Mnohdy tento osud potk\u00e1 i n\u011bkter\u00e9 chodce na umrzl\u00fdch chodn\u00edc\u00edch. Ale my poj\u010fme do \u00fatuln\u00e9ho vyh\u0159\u00e1t\u00e9ho bytu, kde na n\u00e1s d\u00fdchne teplo rodinn\u00e9ho krbu. A nemus\u00ed to b\u00fdt p\u0159\u00edmo krb, mohou to b\u00fdt kachlov\u00e1 kamna. Ten, kdo za\u017eil pobyt v pokoji, kter\u00fd vyt\u00e1p\u011bl ohe\u0148, jist\u011b mi d\u00e1 za pravdu v jedn\u00e9 v\u011bci. \t\t\u00a7\u00a0 V m\u00edstnosti, kde jsou kamna a dvacet p\u011bt stup\u0148\u016f tepla, je tepleji ne\u017eli v m\u00edstnosti, kde jsou radi\u00e1tory a o stupe\u0148 v\u00edc. \t\u00a7\u00a0 \u010clov\u011bk prost\u011b vn\u00edm\u00e1 teplo v\u0161emi smysly. Mo\u017en\u00e1 asi vynech\u00e1v\u00e1 chu\u0165, ale jinak v\u0161echny \u010dty\u0159i ostatn\u00ed si p\u0159ijdou na sv\u00e9.\tKvalitn\u00ed kamna vydr\u017e\u00ed st\u00e1le jako nov\u00e1\tPrvn\u00ed kachlov\u00e1 kamna se objevila na konci st\u0159edov\u011bku v Alp\u00e1ch. Bylo to ve studen\u00fdch oblastech \u0160v\u00fdcarska a It\u00e1lie. A platilo u nich v podstat\u011b to sam\u00e9, co dnes \u2013 co kus, to origin\u00e1l. Toto tvrzen\u00ed plat\u00ed v dne\u0161n\u00ed dob\u011b pouze v p\u0159\u00edpad\u011b, \u017ee chcete m\u00edt um\u011bleck\u00fd origin\u00e1l. Proto si ur\u010dit\u011b nechte kamna vyrobit na m\u00edru a nesahejte po levn\u011bj\u0161\u00edch prefabrik\u00e1tech. Kde tkv\u00ed tajemstv\u00ed st\u00e1lobarevnosti glazury? \t&#8211;\u00a0\u00a0\u00a0\u00a0\u00a0\u00a0\u00a0\u00a0 Pro v\u00fdrobu kamnov\u00fdch kachl\u016f se mus\u00ed pou\u017e\u00edvat pouze hl\u00edna t\u00e9 nejvy\u0161\u0161\u00ed kvality, kter\u00e1 pr\u00e1v\u011b st\u00e1lobarevnost zaru\u010d\u00ed. \t&#8211;\u00a0\u00a0\u00a0\u00a0\u00a0\u00a0\u00a0\u00a0 Pokud kamn\u00e1\u0159i mohou s takovou kvalitou pracovat, vytvo\u0159\u00ed ur\u010dit\u011b n\u00e1dhern\u00e9 pln\u00e9 barvy, kter\u00e9 budou m\u00edt vysok\u00fd lesk i po letech. \t\tKachlov\u00e1 kamna s v\u00fdraznou a lesklou glazurou se v\u011bt\u0161inou hod\u00ed do selsk\u00fdch usedlost\u00ed, ve kter\u00fdch chce majitel zachovat starobyl\u00fd r\u00e1z. Jestli\u017ee se jedn\u00e1 o modern\u00ed dom\u00e1cnost, je l\u00e9pe volit kryc\u00ed a polo matn\u00e9 um\u011bleck\u00e9 glazury. S barevn\u00fdm odst\u00ednem m\u016f\u017ee nastat mal\u00fd probl\u00e9m \u2013 ka\u017ed\u00fd kachel, kter\u00fd je vyroben ru\u010dn\u011b, je origin\u00e1l, a tak se m\u016f\u017ee barevn\u011b odli\u0161ovat. Ale v tom pr\u00e1v\u011b spo\u010d\u00edv\u00e1 kouzlo originality a jist\u011b v tom ten uveden\u00fd \u201eprobl\u00e9m\u201c nikdo hledat nebude.                                                                                                                                                                                                                                                                                                                                                                                        3.7\/5 - (7 votes)        "},{"@context":"https:\/\/schema.org\/","@type":"BreadcrumbList","itemListElement":[{"@type":"ListItem","position":1,"name":"Kachlov\u00e1 kamna proh\u0159ej\u00ed i na\u0161i du\u0161i","item":"https:\/\/www.souvisime.cz\/kachlova-kamna-prohreji-i-nasi-dusi\/#breadcrumbitem"}]}]