[{"@context":"https:\/\/schema.org\/","@type":"Article","@id":"https:\/\/www.souvisime.cz\/nabidnete-svou-chalupu-k-pronajmu\/#Article","mainEntityOfPage":"https:\/\/www.souvisime.cz\/nabidnete-svou-chalupu-k-pronajmu\/","headline":"Nab\u00eddn\u011bte svou chalupu k pron\u00e1jmu","name":"Nab\u00eddn\u011bte svou chalupu k pron\u00e1jmu","description":"V po\u010dtu rodinn\u00fdch chata chalupa na obyvatele je \u010cesk\u00e1 republika k unik\u00e1tem v Evrop\u011b. Souvis\u00ed to se zp\u016fsobem v\u00fdvoje zem\u011bd\u011blstv\u00ed i industrializace v na\u0161\u00ed zemi, s \u010d\u00edm m\u011blo...","datePublished":"2025-02-24","dateModified":"2025-02-24","author":{"@type":"Person","@id":"https:\/\/www.souvisime.cz\/author\/#Person","name":"souvisime.cz\n","url":"https:\/\/www.souvisime.cz\/author\/","identifier":1,"image":{"@type":"ImageObject","@id":"https:\/\/secure.gravatar.com\/avatar\/620bc4870d0855d65ab5c3d8503d9020?s=96&d=mm&r=g","url":"https:\/\/secure.gravatar.com\/avatar\/620bc4870d0855d65ab5c3d8503d9020?s=96&d=mm&r=g","height":96,"width":96}},"publisher":{"@type":"Organization","name":"souvisime.cz","logo":{"@type":"ImageObject","@id":"\/logo.png","url":"\/logo.png","width":600,"height":60}},"url":"https:\/\/www.souvisime.cz\/nabidnete-svou-chalupu-k-pronajmu\/","wordCount":206,"articleBody":" V po\u010dtu rodinn\u00fdch chata chalupa na obyvatele je \u010cesk\u00e1 republika k unik\u00e1tem v Evrop\u011b. Souvis\u00ed to se zp\u016fsobem v\u00fdvoje zem\u011bd\u011blstv\u00ed i industrializace v na\u0161\u00ed zemi, s \u010d\u00edm m\u011blo spojitost i st\u011bhov\u00e1n\u00ed lid\u00ed z venkova do m\u011bst. N\u00e1sledn\u011b se stalo doslova m\u00f3dou budov\u00e1n\u00ed chat a p\u0159estavba star\u00fdch rodinn\u00fdch dom\u016f na chalupy. Zm\u011bny po roce 1989 p\u0159inesly i zm\u011bnu n\u00e1hledu na chata chalupa. Otev\u0159en\u00edm hranic za\u010dalo v\u00edce lid\u00ed cestovat do zahrani\u010d\u00ed. Sou\u010dasn\u011b mnoh\u00e9, zejm\u00e9na vzd\u00e1len\u011bj\u0161\u00ed chata chalupa z\u016fst\u00e1vaj\u00ed vzhledem ke st\u00e1le dra\u017e\u0161\u00edm pohonn\u00fdm hmot\u00e1m i omezen\u011bj\u0161\u00edm \u010dasov\u00fdm mo\u017enostem majitel\u016f v\u011bt\u0161inu roku pr\u00e1zdn\u00e9. Nab\u00eddn\u011bte sv\u00e9 chata chalupa k pron\u00e1jmu! A vy vyb\u00edrejte v ji\u017en\u00edch \u010cech\u00e1ch, na Vyso\u010din\u011b, Krkono\u0161\u00edch, na \u0160umav\u011b, v \u010cesk\u00e9m r\u00e1ji, v Orlick\u00fdch hor\u00e1ch, na ji\u017en\u00ed Morav\u011b, v Jesen\u00edk\u00e1ch, Beskyd\u00e1ch, v \u010cesk\u00e9m \u0160v\u00fdcarsku a dal\u0161\u00edch turistick\u00fdch oblastech. V\u0161ude tam m\u016f\u017ee b\u00fdt te\u010f l\u00e9to d\u00edky n\u00e1m va\u0161e.                                                                                                                                                                                                                                                                                                                                                                                        4\/5 - (1 vote)        "},{"@context":"https:\/\/schema.org\/","@type":"BreadcrumbList","itemListElement":[{"@type":"ListItem","position":1,"name":"Nab\u00eddn\u011bte svou chalupu k pron\u00e1jmu","item":"https:\/\/www.souvisime.cz\/nabidnete-svou-chalupu-k-pronajmu\/#breadcrumbitem"}]}]