[{"@context":"https:\/\/schema.org\/","@type":"Article","@id":"https:\/\/www.souvisime.cz\/prima-kolagen\/#Article","mainEntityOfPage":"https:\/\/www.souvisime.cz\/prima-kolagen\/","headline":"Prima kolagen","name":"Prima kolagen","description":"Je opravdu hodn\u011b \u017een, kter\u00e9 si p\u0159ej\u00ed b\u00fdt kr\u00e1sn\u00e9 a tak\u00e9 dlouho mlad\u00e9. Od toho pr\u00e1v\u011b existuj\u00ed kosmetick\u00e1 studia, kde v\u00e1s v\u017edycky p\u0159iprav\u00ed na to, aby jste byly...","datePublished":"2023-08-27","dateModified":"2023-10-02","author":{"@type":"Person","@id":"https:\/\/www.souvisime.cz\/author\/#Person","name":"souvisime.cz\n","url":"https:\/\/www.souvisime.cz\/author\/","identifier":1,"image":{"@type":"ImageObject","@id":"https:\/\/secure.gravatar.com\/avatar\/620bc4870d0855d65ab5c3d8503d9020?s=96&d=mm&r=g","url":"https:\/\/secure.gravatar.com\/avatar\/620bc4870d0855d65ab5c3d8503d9020?s=96&d=mm&r=g","height":96,"width":96}},"publisher":{"@type":"Organization","name":"souvisime.cz","logo":{"@type":"ImageObject","@id":"\/logo.png","url":"\/logo.png","width":600,"height":60}},"image":{"@type":"ImageObject","@id":"https:\/\/www.souvisime.cz\/wp-content\/uploads\/girl-2973626_1280.jpg","url":"https:\/\/www.souvisime.cz\/wp-content\/uploads\/girl-2973626_1280.jpg","height":0,"width":0},"url":"https:\/\/www.souvisime.cz\/prima-kolagen\/","about":["Podnik\u00e1n\u00ed"],"wordCount":473,"articleBody":"   Je opravdu hodn\u011b \u017een, kter\u00e9 si p\u0159ej\u00ed b\u00fdt kr\u00e1sn\u00e9 a tak\u00e9 dlouho mlad\u00e9. Od toho pr\u00e1v\u011b existuj\u00ed kosmetick\u00e1 studia, kde v\u00e1s v\u017edycky p\u0159iprav\u00ed na to, aby jste byly kr\u00e1sn\u00e9 a c\u00edtily se l\u00e9pe. J\u00e1 sama nav\u0161t\u011bvuji kosmeti\u010dku a dal\u0161\u00ed kosmetick\u00e1 studia od sv\u00fdch dvacet p\u011bti let, proto\u017ee d\u0159\u00edve jsem na to nem\u011bla \u010das. Tedy sp\u00ed\u0161e m\u011bla jsem na to \u010das, ale v\u016fbec by m\u011b to nenapadlo chodit ke kosmeti\u010dce. Nav\u00edc jsem je\u0161t\u011b nem\u011bla tolik pen\u011bz, abych pen\u00edze za kr\u00e1su a sama za sebe utr\u00e1cela. Jenom\u017ee pozd\u011bji, kdy\u017e u\u017e jsem vid\u011bla na \u010dele prvn\u00ed vr\u00e1sky, tak jsem si \u0159ekla, \u017ee je asi na \u010dase u\u017e ze sebou n\u011bco d\u011blat. M\u011bla jsem zrovna t\u0159\u00edlet\u00fd vztah, kter\u00fd byl opravdu kr\u00e1sn\u00fd, tak\u017ee jsem si \u0159ekla, \u017ee u\u017e opravdu nastala chv\u00edle, abych o sebe v\u00edce pe\u010dovala a starala se tak\u00e9 o sv\u00e9 t\u011blo a o ple\u0165.Moje kosmeti\u010dka a tak\u00e9 moje dermatolo\u017eka mi doporu\u010dila kolagen na ple\u0165 https:\/\/www.orcacollagen.cz\/jak-funguje-kolagen\/. Byla jsem p\u0159ekvapen\u00e1, proto\u017ee jsem je\u0161t\u011b v\u016fbec netu\u0161ila, \u017ee zrovna j\u00e1 bych m\u011bla u\u017e\u00edvat kolagen na ple\u0165. Myslela jsem si, \u017ee t\u0159eba dermatolo\u017eka mi doporu\u010d\u00ed n\u011bkter\u00e9 kr\u00e9my nebo s\u00e9ra, nebo ple\u0165ov\u00e9 vody, kter\u00e9 bych m\u011bla pou\u017e\u00edvat. Tak, aby moje ple\u0165 byla vyhlazen\u00e1 a jemn\u00e1 a nem\u011bla vr\u00e1sky a tak podobn\u011b. Samoz\u0159ejm\u011b, \u017ee tak\u00e9 v kosmetick\u00e9m studiu jsem se dozv\u011bd\u011bla, \u017ee bych m\u011bla pou\u017e\u00edvat ple\u0165ovou masku a tak\u00e9 kvalitn\u00ed kr\u00e9my, kter\u00e9 pr\u00e1v\u011b minimalizuj\u00ed vr\u00e1sky. Ale tak\u00e9 mi moje kosmetick\u00e1 poradkyn\u011b doporu\u010dila kolagen na ple\u0165. Byla jsem p\u0159ekvapen\u00e1, proto\u017ee u\u017e i dermatolo\u017eka mi \u0159ekla, \u017ee kolagen na ple\u0165 bude pro m\u011b nejv\u00edce ide\u00e1ln\u00ed.Nejv\u011bt\u0161\u00ed v\u00fdhoda kolagenu na ple\u0165 je, \u017ee m\u016f\u017ee b\u00fdt hov\u011bz\u00ed kolagen a nebo tak\u00e9 mo\u0159sk\u00fd kolagen. Nej\u010dast\u011bji se d\u011bl\u00e1 z tresek. Je perfektn\u00ed, proto\u017ee d\u00edky kolagenu na ple\u0165 bude va\u0161e ple\u0165 nejenom jemn\u00e1 na dotek, ale bude tak\u00e9 pru\u017en\u00e1 a va\u0161e nehty a vlasy v\u00e1m tak\u00e9 pod\u011bkuj\u00ed. Kolagen na ple\u0165 bude perfektn\u00ed i pro va\u0161e klouby a \u0161lachy, proto\u017ee d\u00edky kolagenu va\u0161e \u0161lachy jsou pru\u017en\u00e9 a tak\u00e9 nejsou tak opot\u0159ebovan\u00e9. Kolagen je opravdu d\u016fle\u017eit\u00fd a v t\u011ble se norm\u00e1ln\u011b vyskytuje, ale postupem \u010dasu a zvy\u0161ov\u00e1n\u00edm v\u011bku se kolagen z t\u011bla bohu\u017eel vytr\u00e1c\u00ed a jde to vid\u011bt na na\u0161\u00ed k\u016f\u017ei.                                                                                                                                                                                                                                                                                                                                                                                           4.6\/5 - (7 votes)        "},{"@context":"https:\/\/schema.org\/","@type":"BreadcrumbList","itemListElement":[{"@type":"ListItem","position":1,"name":"Prima kolagen","item":"https:\/\/www.souvisime.cz\/prima-kolagen\/#breadcrumbitem"}]}]