[{"@context":"https:\/\/schema.org\/","@type":"Article","@id":"https:\/\/www.souvisime.cz\/prvni-radost-z-jizdy-na-kole-na-oslave-tretich-narozeninam\/#Article","mainEntityOfPage":"https:\/\/www.souvisime.cz\/prvni-radost-z-jizdy-na-kole-na-oslave-tretich-narozeninam\/","headline":"Prvn\u00ed radost z j\u00edzdy na kole na oslav\u011b t\u0159et\u00edch narozenin\u00e1m","name":"Prvn\u00ed radost z j\u00edzdy na kole na oslav\u011b t\u0159et\u00edch narozenin\u00e1m","description":"Kolo se stalo va\u0161\u00edm kon\u00ed\u010dkem u\u017e ve t\u0159ech letech. Je\u0161t\u011b dneska si vzpom\u00edn\u00e1te, jak pod sfouknut\u00ed sv\u00ed\u010dek na narozeninov\u00e9m dortu p\u0159ich\u00e1z\u00ed tat\u00ednek s obrovsk\u00fdm d\u00e1rkem v barevn\u00e9m pap\u00edru....","datePublished":"2023-04-28","dateModified":"2023-04-28","author":{"@type":"Person","@id":"https:\/\/www.souvisime.cz\/author\/#Person","name":"souvisime.cz\n","url":"https:\/\/www.souvisime.cz\/author\/","identifier":1,"image":{"@type":"ImageObject","@id":"https:\/\/secure.gravatar.com\/avatar\/620bc4870d0855d65ab5c3d8503d9020?s=96&d=mm&r=g","url":"https:\/\/secure.gravatar.com\/avatar\/620bc4870d0855d65ab5c3d8503d9020?s=96&d=mm&r=g","height":96,"width":96}},"publisher":{"@type":"Organization","name":"souvisime.cz","logo":{"@type":"ImageObject","@id":"\/logo.png","url":"\/logo.png","width":600,"height":60}},"url":"https:\/\/www.souvisime.cz\/prvni-radost-z-jizdy-na-kole-na-oslave-tretich-narozeninam\/","about":["Hobby"],"wordCount":414,"articleBody":"Kolo se stalo va\u0161\u00edm kon\u00ed\u010dkem u\u017e ve t\u0159ech letech. Je\u0161t\u011b dneska si vzpom\u00edn\u00e1te, jak pod sfouknut\u00ed sv\u00ed\u010dek na narozeninov\u00e9m dortu p\u0159ich\u00e1z\u00ed tat\u00ednek s obrovsk\u00fdm d\u00e1rkem v barevn\u00e9m pap\u00edru. A vy hned po jeho\u00a0 natr\u017een\u00ed uvid\u00edte \u0159\u00edd\u00edtka. Pr\u00e1v\u011b jste dostal svoje prvn\u00ed vytou\u017een\u00e9 kolo, na kter\u00e9m objedete sv\u00e1te\u010dn\u00ed st\u016fl. M\u00e1 je\u0161t\u011b pomocn\u00e1 kole\u010dka. Ty u\u017e za t\u00fdden jsou odmontov\u00e1ny, proto\u017ee v\u00e1m j\u00edzda jde i bez nich.V deseti u\u017e m\u00e1te na kole prozkouman\u00e9 cel\u00e9 okol\u00ed. A absolvov\u00e1n ka\u017ed\u00fd z\u00e1vod va\u0161\u00ed v\u011bkov\u00e9 kategorie. Cyklistika se stane ka\u017edodenn\u00ed sou\u010d\u00e1st\u00ed va\u0161eho \u017eivota. Od \u010dasn\u00e9ho jara do podzimu na n\u011bm jezd\u00edte do \u0161koly a vy\u0159izujete na n\u011bm v\u0161echny pot\u0159ebn\u00e9 sch\u016fzky a n\u00e1kupy.Ve t\u0159iceti si zalo\u017e\u00edte vlastn\u00ed cestovn\u00ed agenturu, kter\u00e1 organizuje v\u00fdlety na kolech. A zapo\u010dne va\u0161e nejkr\u00e1sn\u011bj\u0161\u00ed \u017eivotn\u00ed obdob\u00ed. Spoj\u00edte p\u0159\u00edjemn\u00e9 s u\u017eite\u010dn\u00fdm a v\u00e1\u0161 kon\u00ed\u010dek se stane va\u0161\u00ed prac\u00ed. V prvn\u00edm roce za\u010dnete po\u0159\u00e1dat t\u00fddenn\u00ed pobyty na kolech v tuzemsku. Klientela, kter\u00e9 tento zp\u016fsob dovolen\u00e9 vyhovuje, roste a celou sezonu m\u00e1te obsazenou milovn\u00edky cyklistiky. B\u011bhem zimy se za\u010dnete rozhl\u00ed\u017eet na mo\u017enost vyjet i za hranice vlasti. Zji\u0161\u0165ujete, \u017ee zajistit dopravu, ubytov\u00e1n\u00ed i stravov\u00e1n\u00ed nebude v zahrani\u010d\u00ed v\u016fbec \u017e\u00e1dn\u00fd probl\u00e9m.A tak u\u017e v lednu prozkoum\u00e1te p\u011bt m\u00edst v p\u011bti sousedn\u00edch zem\u00edch, kde svoje klienty pozvete k tr\u00e1ven\u00ed dovolen\u00e9 na kolech. Ubytov\u00e1n\u00ed zajist\u00edte na jednom m\u00edst\u011b a z n\u011bho b\u011bhem cel\u00e9ho t\u00fddne hv\u011bzdicovit\u011b vyj\u00ed\u017ed\u00edte na kolech objevovat nov\u00e9 kraje. Trasy vol\u00edte tak, aby je zvl\u00e1dli v\u0161ichni \u00fa\u010dastn\u00edci z\u00e1jezdu. A t\u011bm, kter\u00fdm to p\u0159ipadne m\u00e1lo, maj\u00ed mo\u017enost si pot\u0159ebn\u00e9 kilometry najezdit podle vlastn\u00edch pot\u0159eb.Dnes va\u0161e cestovn\u00ed agentura po\u0159\u00e1d\u00e1 cyklov\u00fdlety do dvaceti zem\u00ed a jeden po\u0159\u00e1d\u00e1te dokonce za oce\u00e1nem. Ona se ta kola daj\u00ed p\u0159em\u00edstit i letecky. A v\u00e1s ka\u017ed\u00e9 jaro, na za\u010d\u00e1tku cyklistick\u00e9 sezony, \u010dekaj\u00ed jak zn\u00e1m\u00e1 m\u00edsta, tak i ta, kter\u00e1 proj\u00ed\u017ed\u00edte poprv\u00e9.\u00a0\u00a0                                                                                                                                                                                                                                                                                                                                                                                        3.8\/5 - (9 votes)        "},{"@context":"https:\/\/schema.org\/","@type":"BreadcrumbList","itemListElement":[{"@type":"ListItem","position":1,"name":"Prvn\u00ed radost z j\u00edzdy na kole na oslav\u011b t\u0159et\u00edch narozenin\u00e1m","item":"https:\/\/www.souvisime.cz\/prvni-radost-z-jizdy-na-kole-na-oslave-tretich-narozeninam\/#breadcrumbitem"}]}]