[{"@context":"https:\/\/schema.org\/","@type":"Article","@id":"https:\/\/www.souvisime.cz\/reseni-pro-stisnene-podminky\/#Article","mainEntityOfPage":"https:\/\/www.souvisime.cz\/reseni-pro-stisnene-podminky\/","headline":"\u0158e\u0161en\u00ed pro st\u00edsn\u011bn\u00e9 podm\u00ednky","name":"\u0158e\u0161en\u00ed pro st\u00edsn\u011bn\u00e9 podm\u00ednky","description":"M\u00e1te ve sv\u00e9m byt\u011b volnou u\u017e jen velmi \u00fazkou chodbu, ale pot\u0159ebovali byste dal\u0161\u00ed \u00falo\u017en\u00fd prostor a nev\u00edte, jak jej do takov\u00e9ho st\u00edsn\u011bn\u00e9ho prostoru dostat? Nen\u00ed jednodu\u0161\u0161\u00edho \u0159e\u0161en\u00ed....","datePublished":"2024-12-06","dateModified":"2024-12-06","author":{"@type":"Person","@id":"https:\/\/www.souvisime.cz\/author\/#Person","name":"souvisime.cz\n","url":"https:\/\/www.souvisime.cz\/author\/","identifier":1,"image":{"@type":"ImageObject","@id":"https:\/\/secure.gravatar.com\/avatar\/620bc4870d0855d65ab5c3d8503d9020?s=96&d=mm&r=g","url":"https:\/\/secure.gravatar.com\/avatar\/620bc4870d0855d65ab5c3d8503d9020?s=96&d=mm&r=g","height":96,"width":96}},"publisher":{"@type":"Organization","name":"souvisime.cz","logo":{"@type":"ImageObject","@id":"\/logo.png","url":"\/logo.png","width":600,"height":60}},"url":"https:\/\/www.souvisime.cz\/reseni-pro-stisnene-podminky\/","wordCount":187,"articleBody":"M\u00e1te ve sv\u00e9m byt\u011b volnou u\u017e jen velmi \u00fazkou chodbu, ale pot\u0159ebovali byste dal\u0161\u00ed \u00falo\u017en\u00fd prostor a nev\u00edte, jak jej do takov\u00e9ho st\u00edsn\u011bn\u00e9ho prostoru dostat? Nen\u00ed jednodu\u0161\u0161\u00edho \u0159e\u0161en\u00ed. Vyu\u017eijte na\u0161\u00ed skv\u011bl\u00e9 nab\u00eddky vestav\u011bn\u00fdch sk\u0159\u00edn\u00ed Praha. Z\u00edsk\u00e1te pot\u0159ebn\u00fd \u00falo\u017en\u00fd prostor, kter\u00fd bude p\u0159esn\u011b na m\u00edru m\u00edstu, kter\u00e9 pro n\u011bj m\u00e1te vyhrazen\u00e9, nebude nijak p\u0159ek\u00e1\u017eet a je\u0161t\u011b nav\u00edc bude skv\u011ble vypadat. Velmi vyhled\u00e1van\u00fd dopln\u011bk Vestav\u011bn\u00e9 sk\u0159\u00edn\u011b jsou v dne\u0161n\u00ed dob\u011b opravdu velmi modern\u00edm a vyhled\u00e1van\u00fdm dopl\u0148kem interi\u00e9r\u016f a to nejen d\u00edky tomu, \u017ee jde o skv\u011bl\u00e9 \u0159e\u0161en\u00ed \u00falo\u017en\u00e9ho prostoru, ale tak\u00e9 d\u00edky sv\u00e9mu vzhledu a tomu, \u017ee dokonale zapadnou do ka\u017ed\u00e9ho interi\u00e9ru. My po V\u00e1s m\u00e1me p\u0159ichyst\u00e1no hned n\u011bkolik mo\u017en\u00fdch dekor\u016f a spoustu r\u016fzn\u00fdch barevn\u00fdch odst\u00edn\u016f a tak\u00e9 mo\u017enost\u00ed kombinac\u00ed vnit\u0159n\u00edho vybaven\u00ed.                                                                                                                                                                                                                                                                                                                                                                                        4\/5 - (1 vote)        "},{"@context":"https:\/\/schema.org\/","@type":"BreadcrumbList","itemListElement":[{"@type":"ListItem","position":1,"name":"\u0158e\u0161en\u00ed pro st\u00edsn\u011bn\u00e9 podm\u00ednky","item":"https:\/\/www.souvisime.cz\/reseni-pro-stisnene-podminky\/#breadcrumbitem"}]}]