[{"@context":"https:\/\/schema.org\/","@type":"Article","@id":"https:\/\/www.souvisime.cz\/sila-barev\/#Article","mainEntityOfPage":"https:\/\/www.souvisime.cz\/sila-barev\/","headline":"S\u00edla barev","name":"S\u00edla barev","description":"\u010cek\u00e1 v\u00e1s v\u00fdmalba obytn\u00fdch prostor? A p\u0159em\u00fd\u0161leli jste n\u011bkdy nad t\u00edm, \u017ee spr\u00e1vn\u011b zvolen\u00e1 barva st\u011bn v\u00e1m m\u016f\u017ee velmi zp\u0159\u00edjemnit, nebo naopak zkomplikovat \u017eivot? Ka\u017ed\u00e1 barva na \u010dlov\u011bka...","datePublished":"2019-06-12","dateModified":"2023-04-28","author":{"@type":"Person","@id":"https:\/\/www.souvisime.cz\/author\/#Person","name":"souvisime.cz\n","url":"https:\/\/www.souvisime.cz\/author\/","identifier":1,"image":{"@type":"ImageObject","@id":"https:\/\/secure.gravatar.com\/avatar\/620bc4870d0855d65ab5c3d8503d9020?s=96&d=mm&r=g","url":"https:\/\/secure.gravatar.com\/avatar\/620bc4870d0855d65ab5c3d8503d9020?s=96&d=mm&r=g","height":96,"width":96}},"publisher":{"@type":"Organization","name":"souvisime.cz","logo":{"@type":"ImageObject","@id":"\/logo.png","url":"\/logo.png","width":600,"height":60}},"image":{"@type":"ImageObject","@id":"https:\/\/www.souvisime.cz\/wp-content\/uploads\/img_a348903_w1752_t1563699917.jpg","url":"https:\/\/www.souvisime.cz\/wp-content\/uploads\/img_a348903_w1752_t1563699917.jpg","height":0,"width":0},"url":"https:\/\/www.souvisime.cz\/sila-barev\/","about":["Hobby"],"wordCount":449,"articleBody":"\u010cek\u00e1 v\u00e1s v\u00fdmalba obytn\u00fdch prostor? A p\u0159em\u00fd\u0161leli jste n\u011bkdy nad t\u00edm, \u017ee spr\u00e1vn\u011b zvolen\u00e1 barva st\u011bn v\u00e1m m\u016f\u017ee velmi zp\u0159\u00edjemnit, nebo naopak zkomplikovat \u017eivot? Ka\u017ed\u00e1 barva na \u010dlov\u011bka toti\u017e p\u016fsob\u00ed. A ne ka\u017ed\u00e1 barva se hod\u00ed do ka\u017ed\u00e9 m\u00edstnosti.\tModr\u00e1 a zelen\u00e1\tJe v\u0161eobecn\u011b zn\u00e1m\u00e9, \u017ee barvy jako jsou modr\u00e1, zelen\u00e1 a jejich nejr\u016fzn\u011bj\u0161\u00ed odst\u00edny jsou uklid\u0148uj\u00edc\u00ed. V\u00a0\u010dlov\u011bku nevzbuzuj\u00ed nijak v\u00e1\u0161niv\u00e9 emoce, ale naopak ho mohou zklidnit a zp\u0159\u00edjemnit mu relaxaci. Ve sv\u00e9 podstat\u011b je vhodn\u00e9 tyto barvy u\u017e\u00edt pro jakoukoliv m\u00edstnost. Nejlep\u0161\u00ed v\u0161ak bude, kdy\u017e si jimi vyzdob\u00edte lo\u017enici. Nen\u00ed nic hor\u0161\u00edho, ne\u017e se p\u0159ed span\u00edm nabudit a usnout a\u017e v\u00a0rann\u00edch hodin\u00e1ch. Je dobr\u00e9 si tomu napomoci i takov\u00fdmito detaily. Na n\u011bkoho v\u0161ak tyto barvy mohou p\u016fsobit trochu chladn\u011b.\t\u017dlut\u00e1 a oran\u017eov\u00e1\t\u017dlut\u00e1 a oran\u017eov\u00e1 jsou p\u0159esn\u00fdm opakem modr\u00e9 a zelen\u00e9. Jsou to barvy pln\u00e9 energie a tepla. Pokud jste milovn\u00edk letn\u00edch m\u011bs\u00edc\u016f a v\u00a0zim\u011b v\u00e1s p\u0159epad\u00e1 deprese, budou pro v\u00e1s vhodn\u011bj\u0161\u00ed tyto teplej\u0161\u00ed barvy. M\u00edstnosti z\u00e1rove\u0148 proz\u00e1\u0159\u00ed, pokud m\u00e1te pocit, \u017ee m\u00e1te doma neust\u00e1le \u0161ero, zvolte n\u011bkter\u00fd z\u00a0t\u011bchto odst\u00edn\u016f. Nemus\u00ed j\u00edt o nijak z\u00e1\u0159iv\u00fd odst\u00edn. I tlumen\u011bj\u0161\u00ed odst\u00edny t\u011bchto barvi\u010dek skv\u011ble poslou\u017e\u00ed.\t\u010cerven\u00e1\t\u010cerven\u00e1 je barvou v\u00e1\u0161n\u011b. Nab\u00edj\u00ed energi\u00ed, n\u011bkdy mo\u017en\u00e1 a\u017e moc v\u00fdbu\u0161nou energi\u00ed. Evokuje v\u00a0\u010dlov\u011bku ohe\u0148 a v\u00e1\u0161e\u0148 m\u016f\u017ee probouzet v\u00a0r\u016fzn\u00fdch form\u00e1ch, klidn\u011b i v\u00a0h\u00e1dk\u00e1ch. V\u00fdrazn\u00e1 \u010derven\u00e1 se nehod\u00ed do men\u0161\u00edch prostor, kter\u00e9 opticky zmen\u0161\u00ed je\u0161t\u011b v\u00edce.\tR\u016f\u017eov\u00e1\tR\u016f\u017eov\u00e1 je jemn\u00e1 barva. P\u0159esto, \u017ee je o n\u011bco teplej\u0161\u00ed, p\u016fsob\u00ed podobn\u011b jako modr\u00e1 a zelen\u00e1 a \u010dlov\u011bka m\u016f\u017ee p\u0159\u00edjemn\u011b zklidnit. Je to barva n\u011b\u017en\u00e1 a v\u00a0\u010dlov\u011bku vyvol\u00e1v\u00e1 p\u0159\u00edjemn\u00e9 emoce. Nebojte se po n\u00ed p\u0159i v\u00fdmalb\u011b pokoje proto s\u00e1hnout.\t\t\u010cern\u00e1\t\u010cern\u00e1 m\u016f\u017ee na mnoho lid\u00ed p\u016fsobit velmi \u0161patn\u011b a vyvol\u00e1vat v\u00a0nich negativn\u00ed emoce. Z\u00e1rove\u0148 opticky zmen\u0161uje prostory a pohlcuje sv\u011btlo. P\u0159esto k\u00a0n\u00ed spousta lid\u00ed inklinuje a nen\u00ed nic \u0161patn\u00e9ho na tom, ji pou\u017e\u00edt.\tVe sv\u00e9 podstat\u011b ve v\u00e1s toti\u017e p\u0159\u00edjemn\u00e9 emoce m\u016f\u017ee vyvolat barva jak\u00e1koliv, pokud je va\u0161e obl\u00edben\u00e1. Proto to m\u016f\u017ee b\u00fdt i \u010dern\u00e1.                                                                                                                                                                                                                                                                                                                                                                                        5\/5 - (4 votes)        "},{"@context":"https:\/\/schema.org\/","@type":"BreadcrumbList","itemListElement":[{"@type":"ListItem","position":1,"name":"S\u00edla barev","item":"https:\/\/www.souvisime.cz\/sila-barev\/#breadcrumbitem"}]}]