[{"@context":"https:\/\/schema.org\/","@type":"Article","@id":"https:\/\/www.souvisime.cz\/trendy-letosniho-jara\/#Article","mainEntityOfPage":"https:\/\/www.souvisime.cz\/trendy-letosniho-jara\/","headline":"Trendy leto\u0161n\u00edho jara","name":"Trendy leto\u0161n\u00edho jara","description":"Plisovan\u00e9 sukn\u011b V 70. letech minul\u00e9ho stolet\u00ed let\u011bly plisovan\u00e9 sukn\u011b. M\u00e1lo, koho by napadlo, \u017ee se zase vr\u00e1t\u00ed do m\u00f3dy, ale je to tak! I letos jsou v...","datePublished":"2019-05-22","dateModified":"2023-04-28","author":{"@type":"Person","@id":"https:\/\/www.souvisime.cz\/author\/#Person","name":"souvisime.cz\n","url":"https:\/\/www.souvisime.cz\/author\/","identifier":1,"image":{"@type":"ImageObject","@id":"https:\/\/secure.gravatar.com\/avatar\/620bc4870d0855d65ab5c3d8503d9020?s=96&d=mm&r=g","url":"https:\/\/secure.gravatar.com\/avatar\/620bc4870d0855d65ab5c3d8503d9020?s=96&d=mm&r=g","height":96,"width":96}},"publisher":{"@type":"Organization","name":"souvisime.cz","logo":{"@type":"ImageObject","@id":"\/logo.png","url":"\/logo.png","width":600,"height":60}},"image":{"@type":"ImageObject","@id":"https:\/\/www.souvisime.cz\/wp-content\/uploads\/img_a345471_w1752_t1559156926.jpg","url":"https:\/\/www.souvisime.cz\/wp-content\/uploads\/img_a345471_w1752_t1559156926.jpg","height":0,"width":0},"url":"https:\/\/www.souvisime.cz\/trendy-letosniho-jara\/","about":["M\u00f3da"],"wordCount":436,"articleBody":"\tPlisovan\u00e9 sukn\u011bV 70. letech minul\u00e9ho stolet\u00ed let\u011bly plisovan\u00e9 sukn\u011b. M\u00e1lo, koho by napadlo, \u017ee se zase vr\u00e1t\u00ed do m\u00f3dy, ale je to tak! I letos jsou v m\u00f3d\u011b a ka\u017ed\u00e1 \u017eena by takov\u00fd jeden m\u00f3dn\u00ed kousek prost\u011b m\u011bla m\u00edt i v leto\u0161n\u00edm roce ve sv\u00e9m \u0161atn\u00edku.Pt\u00e1te se pro\u010d, pro\u010d pr\u00e1v\u011b tento m\u00f3dn\u00ed kousek v\u00e1m nesm\u00ed chyb\u011bt?Plisovan\u00e9 sukn\u011b jsou nejen IN, ale jsou tak\u00e9 pohodln\u00e9. A jejich pohodlnost jen podporuje to, \u017ee se daj\u00ed kombinovat podle aktu\u00e1ln\u00edch m\u00f3dn\u00edch trend\u016f prakticky k \u010demukoliv, daj\u00ed se toti\u017e kombinovat opravdu v\u0161emo\u017en\u011b.Jarn\u00ed volba \u010d\u00edslo jedna jsou tedy plisovan\u00e9 sukn\u011b. Jak je nosit?\u2022\u00a0\u00a0\u00a0\u00a0\u00a0\u00a0\u00a0 Jednou z variant je, \u017ee k sukni vezmete halenku a lodi\u010dky s vysok\u00fdm podpatkem. Pak tedy m\u016f\u017eete rovnou vyrazit na party, kde jist\u011b v takov\u00e9m modelu zaz\u00e1\u0159\u00edte.\u2022\u00a0\u00a0\u00a0\u00a0\u00a0\u00a0\u00a0 Druhou variantou je, \u017ee si k sukni vezmete tenisky, d\u017e\u00ednovou bundu a vyraz\u00edte t\u0159eba do parku na proch\u00e1zku nebo na b\u011b\u017en\u00e9 n\u00e1kupy.Tuto \u010d\u00e1st od\u011bvu byste tedy mohla nosit p\u0159i jak\u00e9koli p\u0159\u00edle\u017eitosti. Jen si mus\u00edte v\u017edy pohl\u00eddat, abyste skute\u010dn\u011b zvolila spr\u00e1vn\u00fd svr\u0161ek, proto\u017ee nen\u00ed t\u0159eba, abyste si zbyte\u010dn\u011b d\u00edky t\u00e9to sukni p\u0159id\u00e1vala kila. A pokud si opravdu neoble\u010dete \u00fazk\u00e9 triko \u010di svet\u0159\u00edk nebo crop-top, m\u016f\u017eete se spolehnout, \u017ee se tak stane.\tVrstven\u00ed \u0161perk\u016fDopl\u0148ky jednotliv\u00fdch model\u016f by se nem\u011bly rozhodn\u011b podce\u0148ovat. A\u0165 u\u017e se jedn\u00e1 o \u0161perky nebo kabelku, v\u017edy bychom se ka\u017ed\u00fdm t\u00edmto detailem m\u011bli zab\u00fdvat, proto\u017ee dokon\u010d\u00ed celkov\u00fd vzhled na\u0161eho modelu. Leto\u0161n\u00ed rok je in vrstven\u00ed a kombinov\u00e1n\u00ed \u0161perk\u016f. Pokud tedy nem\u00e1te p\u0159\u00edli\u0161 mnoho fantazie nebo odvahy, co se obl\u00e9k\u00e1n\u00ed t\u00fd\u010de a m\u00e1te r\u00e1da jednoduch\u00fd styl, ur\u010dit\u011b se v\u00e1m bude zamlouvat, \u017ee m\u016f\u017eete popustit uzdu fantazie v kombinov\u00e1n\u00ed n\u00e1ramk\u016f, n\u00e1hrdeln\u00edk\u016f, \u0159et\u00edzk\u016f, prsten\u016f a n\u00e1u\u0161nic.D\u00edky tomu, \u017ee je mo\u017en\u00e9 kombinovat prakticky jak\u00fdkoli \u0161perk s jak\u00fdmkoli, m\u016f\u017ee si ka\u017ed\u00e1 \u017eena vytvo\u0159it sv\u016fj origin\u00e1ln\u00ed a jedine\u010dn\u00fd styl. V\u0161e je povoleno. Kombinace r\u016fzn\u00fdch materi\u00e1l\u016f i styl\u016f je p\u0159\u00edmo \u017e\u00e1douc\u00ed. Pokud se pro vrstven\u00ed rozhodnete, myslete na to, \u017ee by v\u017edy na va\u0161\u00ed ruce m\u011bly b\u00fdt tedy minim\u00e1ln\u011b \u010dty\u0159i n\u00e1ramky.                                                                                                                                                                                                                                                                                                                                                                                        4.6\/5 - (9 votes)        "},{"@context":"https:\/\/schema.org\/","@type":"BreadcrumbList","itemListElement":[{"@type":"ListItem","position":1,"name":"Trendy leto\u0161n\u00edho jara","item":"https:\/\/www.souvisime.cz\/trendy-letosniho-jara\/#breadcrumbitem"}]}]